{"id":1412,"date":"2025-10-09T09:50:19","date_gmt":"2025-10-09T08:50:19","guid":{"rendered":"https:\/\/test3.dicolova.com\/cos15\/?p=1412"},"modified":"2025-10-16T16:19:46","modified_gmt":"2025-10-16T15:19:46","slug":"offres-locations","status":"publish","type":"post","link":"https:\/\/test3.dicolova.com\/cos15\/offres-locations\/","title":{"rendered":"Profitez d&rsquo;un s\u00e9jour \u00e0 Arcachon, Argel\u00e8s, Fr\u00e9jus ou Valras"},"content":{"rendered":"<h4 data-fontsize=\"18\" data-lineheight=\"19.98px\"><a href=\"https:\/\/test3.dicolova.com\/cos15\/wp-content\/uploads\/sites\/8\/2025\/10\/Parasol-beige-sur-la-plage-2.png\"><img decoding=\"async\" class=\"alignnone size-medium wp-image-1420\" src=\"https:\/\/test3.dicolova.com\/cos15\/wp-content\/uploads\/sites\/8\/2025\/10\/Parasol-beige-sur-la-plage-2-300x200.png\" alt=\"\" width=\"300\" height=\"200\" srcset=\"https:\/\/test3.dicolova.com\/cos15\/wp-content\/uploads\/sites\/8\/2025\/10\/Parasol-beige-sur-la-plage-2-200x133.png 200w, https:\/\/test3.dicolova.com\/cos15\/wp-content\/uploads\/sites\/8\/2025\/10\/Parasol-beige-sur-la-plage-2-300x200.png 300w, https:\/\/test3.dicolova.com\/cos15\/wp-content\/uploads\/sites\/8\/2025\/10\/Parasol-beige-sur-la-plage-2-400x267.png 400w, https:\/\/test3.dicolova.com\/cos15\/wp-content\/uploads\/sites\/8\/2025\/10\/Parasol-beige-sur-la-plage-2-500x333.png 500w, https:\/\/test3.dicolova.com\/cos15\/wp-content\/uploads\/sites\/8\/2025\/10\/Parasol-beige-sur-la-plage-2.png 600w\" sizes=\"(max-width: 300px) 100vw, 300px\" \/><\/a><\/h4>\n<h4 class=\"\" data-fontsize=\"18\" data-lineheight=\"19.98px\">\ud83c\udfd6\u00a0Profitez d\u2019un s\u00e9jour d\u00e9tente en bord de mer \u00e0 des tarifs avantageux, loin de la foule, pour recharger les batteries avant l\u2019hiver.<\/h4>\n<h4 class=\"\" data-fontsize=\"18\" data-lineheight=\"19.98px\">\u26a0\ufe0f Nous vous proposons nos appartements id\u00e9alement situ\u00e9s \u00e0 Argel\u00e8s, Valras, Arcachon &amp; Fr\u00e9jus :<\/h4>\n<h4 class=\"\" data-fontsize=\"18\" data-lineheight=\"19.98px\"><strong>Si vous h\u00e9sitez encore\u2026 c\u2019est le moment ou jamais !<\/strong><\/h4>\n<h4 class=\"\" data-fontsize=\"18\" data-lineheight=\"19.98px\">Et si vous faisiez vos valises pour une escapade au bord de l\u2019eau ?<\/h4>\n<h4 class=\"\" data-fontsize=\"18\" data-lineheight=\"19.98px\">Je suis \u00e0 votre disposition pour vous renseigner ou bloquer une date.<\/h4>\n<p><strong><span style=\"color: #ff0000\"><em>COS 15<\/em><\/span><\/strong><br \/>\n<strong><span style=\"color: #ff0000\"><em>8, Esplanade Michel Crespin<\/em><\/span><\/strong><br \/>\n<strong><span style=\"color: #ff0000\"><em>15000 AURILLAC<\/em><\/span><\/strong><br \/>\n<strong><span style=\"color: #ff0000\"><em>04 71 64 89 76<\/em><\/span><\/strong><br \/>\n<strong><span style=\"color: #ff0000\"><em>cos.ptt.cantal@wanadoo.fr<\/em><\/span><\/strong><\/p>\n<h2><span style=\"color: #0000ff\"><strong><a style=\"color: #0000ff\" href=\"https:\/\/test3.dicolova.com\/cos15\/vacances\/\">Voir nos h\u00e9bergements en location\u00a0en 1 clic<\/a><\/strong><\/span><\/h2>\n","protected":false},"excerpt":{"rendered":"<p>\ud83c\udfd6\u00a0Profitez d\u2019un s\u00e9jour d\u00e9tente en bord de mer \u00e0 des tarifs avantageux, loin de la foule, pour recharger les batteries avant l\u2019hiver. \u26a0\ufe0f Nous vous proposons nos appartements id\u00e9alement situ\u00e9s \u00e0 Argel\u00e8s, Valras, Arcachon &amp; Fr\u00e9jus : Si vous h\u00e9sitez encore\u2026 c\u2019est le moment ou jamais ! Et si vous faisiez vos valises pour une  [&#8230;]<\/p>\n","protected":false},"author":18,"featured_media":1420,"comment_status":"closed","ping_status":"closed","sticky":false,"template":"","format":"standard","meta":{"footnotes":""},"categories":[150,133,151],"tags":[],"class_list":["post-1412","post","type-post","status-publish","format-standard","has-post-thumbnail","hentry","category-promo-flash","category-promotion","category-vacances"],"yoast_head":"<!-- This site is optimized with the Yoast SEO plugin v28.4 - https:\/\/yoast.com\/product\/yoast-seo-wordpress\/ -->\n<title>Profitez d&#039;un s\u00e9jour \u00e0 Arcachon, Argel\u00e8s, Fr\u00e9jus ou Valras - COS 15<\/title>\n<meta name=\"robots\" content=\"index, follow, max-snippet:-1, max-image-preview:large, max-video-preview:-1\" \/>\n<link rel=\"canonical\" href=\"https:\/\/test3.dicolova.com\/cos15\/offres-locations\/\" \/>\n<meta property=\"og:locale\" content=\"fr_FR\" \/>\n<meta property=\"og:type\" content=\"article\" \/>\n<meta property=\"og:title\" content=\"Profitez d&#039;un s\u00e9jour \u00e0 Arcachon, Argel\u00e8s, Fr\u00e9jus ou Valras - COS 15\" \/>\n<meta property=\"og:description\" content=\"\ud83c\udfd6\u00a0Profitez d\u2019un s\u00e9jour d\u00e9tente en bord de mer \u00e0 des tarifs avantageux, loin de la foule, pour recharger les batteries avant l\u2019hiver. \u26a0\ufe0f Nous vous proposons nos appartements id\u00e9alement situ\u00e9s \u00e0 Argel\u00e8s, Valras, Arcachon &amp; Fr\u00e9jus : Si vous h\u00e9sitez encore\u2026 c\u2019est le moment ou jamais ! Et si vous faisiez vos valises pour une [...]\" \/>\n<meta property=\"og:url\" content=\"https:\/\/test3.dicolova.com\/cos15\/offres-locations\/\" \/>\n<meta property=\"og:site_name\" content=\"COS 15\" \/>\n<meta property=\"article:published_time\" content=\"2025-10-09T08:50:19+00:00\" \/>\n<meta property=\"article:modified_time\" content=\"2025-10-16T15:19:46+00:00\" \/>\n<meta property=\"og:image\" content=\"https:\/\/test3.dicolova.com\/cos15\/wp-content\/uploads\/sites\/8\/2025\/10\/Parasol-beige-sur-la-plage-2.png\" \/>\n\t<meta property=\"og:image:width\" content=\"600\" \/>\n\t<meta property=\"og:image:height\" content=\"400\" \/>\n\t<meta property=\"og:image:type\" content=\"image\/png\" \/>\n<meta name=\"author\" content=\"COS 15\" \/>\n<meta name=\"twitter:card\" content=\"summary_large_image\" \/>\n<meta name=\"twitter:label1\" content=\"\u00c9crit par\" \/>\n\t<meta name=\"twitter:data1\" content=\"COS 15\" \/>\n\t<meta name=\"twitter:label2\" content=\"Dur\u00e9e de lecture estim\u00e9e\" \/>\n\t<meta name=\"twitter:data2\" content=\"1 minute\" \/>\n<script type=\"application\/ld+json\" class=\"yoast-schema-graph\">{\"@context\":\"https:\\\/\\\/schema.org\",\"@graph\":[{\"@type\":\"Article\",\"@id\":\"https:\\\/\\\/test3.dicolova.com\\\/cos15\\\/offres-locations\\\/#article\",\"isPartOf\":{\"@id\":\"https:\\\/\\\/test3.dicolova.com\\\/cos15\\\/offres-locations\\\/\"},\"author\":{\"name\":\"COS 15\",\"@id\":\"https:\\\/\\\/test3.dicolova.com\\\/cos15\\\/#\\\/schema\\\/person\\\/9a88e4ac777d75b82700908c4530a15f\"},\"headline\":\"Profitez d&rsquo;un s\u00e9jour \u00e0 Arcachon, Argel\u00e8s, Fr\u00e9jus ou Valras\",\"datePublished\":\"2025-10-09T08:50:19+00:00\",\"dateModified\":\"2025-10-16T15:19:46+00:00\",\"mainEntityOfPage\":{\"@id\":\"https:\\\/\\\/test3.dicolova.com\\\/cos15\\\/offres-locations\\\/\"},\"wordCount\":106,\"image\":{\"@id\":\"https:\\\/\\\/test3.dicolova.com\\\/cos15\\\/offres-locations\\\/#primaryimage\"},\"thumbnailUrl\":\"https:\\\/\\\/test3.dicolova.com\\\/cos15\\\/wp-content\\\/uploads\\\/sites\\\/8\\\/2025\\\/10\\\/Parasol-beige-sur-la-plage-2.png\",\"articleSection\":[\"Promo Flash\",\"Promotion\",\"Vacances\"],\"inLanguage\":\"fr-FR\"},{\"@type\":\"WebPage\",\"@id\":\"https:\\\/\\\/test3.dicolova.com\\\/cos15\\\/offres-locations\\\/\",\"url\":\"https:\\\/\\\/test3.dicolova.com\\\/cos15\\\/offres-locations\\\/\",\"name\":\"Profitez d'un s\u00e9jour \u00e0 Arcachon, Argel\u00e8s, Fr\u00e9jus ou Valras - COS 15\",\"isPartOf\":{\"@id\":\"https:\\\/\\\/test3.dicolova.com\\\/cos15\\\/#website\"},\"primaryImageOfPage\":{\"@id\":\"https:\\\/\\\/test3.dicolova.com\\\/cos15\\\/offres-locations\\\/#primaryimage\"},\"image\":{\"@id\":\"https:\\\/\\\/test3.dicolova.com\\\/cos15\\\/offres-locations\\\/#primaryimage\"},\"thumbnailUrl\":\"https:\\\/\\\/test3.dicolova.com\\\/cos15\\\/wp-content\\\/uploads\\\/sites\\\/8\\\/2025\\\/10\\\/Parasol-beige-sur-la-plage-2.png\",\"datePublished\":\"2025-10-09T08:50:19+00:00\",\"dateModified\":\"2025-10-16T15:19:46+00:00\",\"author\":{\"@id\":\"https:\\\/\\\/test3.dicolova.com\\\/cos15\\\/#\\\/schema\\\/person\\\/9a88e4ac777d75b82700908c4530a15f\"},\"breadcrumb\":{\"@id\":\"https:\\\/\\\/test3.dicolova.com\\\/cos15\\\/offres-locations\\\/#breadcrumb\"},\"inLanguage\":\"fr-FR\",\"potentialAction\":[{\"@type\":\"ReadAction\",\"target\":[\"https:\\\/\\\/test3.dicolova.com\\\/cos15\\\/offres-locations\\\/\"]}]},{\"@type\":\"ImageObject\",\"inLanguage\":\"fr-FR\",\"@id\":\"https:\\\/\\\/test3.dicolova.com\\\/cos15\\\/offres-locations\\\/#primaryimage\",\"url\":\"https:\\\/\\\/test3.dicolova.com\\\/cos15\\\/wp-content\\\/uploads\\\/sites\\\/8\\\/2025\\\/10\\\/Parasol-beige-sur-la-plage-2.png\",\"contentUrl\":\"https:\\\/\\\/test3.dicolova.com\\\/cos15\\\/wp-content\\\/uploads\\\/sites\\\/8\\\/2025\\\/10\\\/Parasol-beige-sur-la-plage-2.png\",\"width\":600,\"height\":400},{\"@type\":\"BreadcrumbList\",\"@id\":\"https:\\\/\\\/test3.dicolova.com\\\/cos15\\\/offres-locations\\\/#breadcrumb\",\"itemListElement\":[{\"@type\":\"ListItem\",\"position\":1,\"name\":\"Accueil\",\"item\":\"https:\\\/\\\/test3.dicolova.com\\\/cos15\\\/\"},{\"@type\":\"ListItem\",\"position\":2,\"name\":\"Profitez d&rsquo;un s\u00e9jour \u00e0 Arcachon, Argel\u00e8s, Fr\u00e9jus ou Valras\"}]},{\"@type\":\"WebSite\",\"@id\":\"https:\\\/\\\/test3.dicolova.com\\\/cos15\\\/#website\",\"url\":\"https:\\\/\\\/test3.dicolova.com\\\/cos15\\\/\",\"name\":\"COS 15\",\"description\":\"\",\"potentialAction\":[{\"@type\":\"SearchAction\",\"target\":{\"@type\":\"EntryPoint\",\"urlTemplate\":\"https:\\\/\\\/test3.dicolova.com\\\/cos15\\\/?s={search_term_string}\"},\"query-input\":{\"@type\":\"PropertyValueSpecification\",\"valueRequired\":true,\"valueName\":\"search_term_string\"}}],\"inLanguage\":\"fr-FR\"},{\"@type\":\"Person\",\"@id\":\"https:\\\/\\\/test3.dicolova.com\\\/cos15\\\/#\\\/schema\\\/person\\\/9a88e4ac777d75b82700908c4530a15f\",\"name\":\"COS 15\",\"url\":\"https:\\\/\\\/test3.dicolova.com\\\/cos15\\\/author\\\/cospttcantal\\\/\"}]}<\/script>\n<!-- \/ Yoast SEO plugin. -->","yoast_head_json":{"title":"Profitez d'un s\u00e9jour \u00e0 Arcachon, Argel\u00e8s, Fr\u00e9jus ou Valras - COS 15","robots":{"index":"index","follow":"follow","max-snippet":"max-snippet:-1","max-image-preview":"max-image-preview:large","max-video-preview":"max-video-preview:-1"},"canonical":"https:\/\/test3.dicolova.com\/cos15\/offres-locations\/","og_locale":"fr_FR","og_type":"article","og_title":"Profitez d'un s\u00e9jour \u00e0 Arcachon, Argel\u00e8s, Fr\u00e9jus ou Valras - COS 15","og_description":"\ud83c\udfd6\u00a0Profitez d\u2019un s\u00e9jour d\u00e9tente en bord de mer \u00e0 des tarifs avantageux, loin de la foule, pour recharger les batteries avant l\u2019hiver. \u26a0\ufe0f Nous vous proposons nos appartements id\u00e9alement situ\u00e9s \u00e0 Argel\u00e8s, Valras, Arcachon &amp; Fr\u00e9jus : Si vous h\u00e9sitez encore\u2026 c\u2019est le moment ou jamais ! Et si vous faisiez vos valises pour une [...]","og_url":"https:\/\/test3.dicolova.com\/cos15\/offres-locations\/","og_site_name":"COS 15","article_published_time":"2025-10-09T08:50:19+00:00","article_modified_time":"2025-10-16T15:19:46+00:00","og_image":[{"width":600,"height":400,"url":"https:\/\/test3.dicolova.com\/cos15\/wp-content\/uploads\/sites\/8\/2025\/10\/Parasol-beige-sur-la-plage-2.png","type":"image\/png"}],"author":"COS 15","twitter_card":"summary_large_image","twitter_misc":{"\u00c9crit par":"COS 15","Dur\u00e9e de lecture estim\u00e9e":"1 minute"},"schema":{"@context":"https:\/\/schema.org","@graph":[{"@type":"Article","@id":"https:\/\/test3.dicolova.com\/cos15\/offres-locations\/#article","isPartOf":{"@id":"https:\/\/test3.dicolova.com\/cos15\/offres-locations\/"},"author":{"name":"COS 15","@id":"https:\/\/test3.dicolova.com\/cos15\/#\/schema\/person\/9a88e4ac777d75b82700908c4530a15f"},"headline":"Profitez d&rsquo;un s\u00e9jour \u00e0 Arcachon, Argel\u00e8s, Fr\u00e9jus ou Valras","datePublished":"2025-10-09T08:50:19+00:00","dateModified":"2025-10-16T15:19:46+00:00","mainEntityOfPage":{"@id":"https:\/\/test3.dicolova.com\/cos15\/offres-locations\/"},"wordCount":106,"image":{"@id":"https:\/\/test3.dicolova.com\/cos15\/offres-locations\/#primaryimage"},"thumbnailUrl":"https:\/\/test3.dicolova.com\/cos15\/wp-content\/uploads\/sites\/8\/2025\/10\/Parasol-beige-sur-la-plage-2.png","articleSection":["Promo Flash","Promotion","Vacances"],"inLanguage":"fr-FR"},{"@type":"WebPage","@id":"https:\/\/test3.dicolova.com\/cos15\/offres-locations\/","url":"https:\/\/test3.dicolova.com\/cos15\/offres-locations\/","name":"Profitez d'un s\u00e9jour \u00e0 Arcachon, Argel\u00e8s, Fr\u00e9jus ou Valras - COS 15","isPartOf":{"@id":"https:\/\/test3.dicolova.com\/cos15\/#website"},"primaryImageOfPage":{"@id":"https:\/\/test3.dicolova.com\/cos15\/offres-locations\/#primaryimage"},"image":{"@id":"https:\/\/test3.dicolova.com\/cos15\/offres-locations\/#primaryimage"},"thumbnailUrl":"https:\/\/test3.dicolova.com\/cos15\/wp-content\/uploads\/sites\/8\/2025\/10\/Parasol-beige-sur-la-plage-2.png","datePublished":"2025-10-09T08:50:19+00:00","dateModified":"2025-10-16T15:19:46+00:00","author":{"@id":"https:\/\/test3.dicolova.com\/cos15\/#\/schema\/person\/9a88e4ac777d75b82700908c4530a15f"},"breadcrumb":{"@id":"https:\/\/test3.dicolova.com\/cos15\/offres-locations\/#breadcrumb"},"inLanguage":"fr-FR","potentialAction":[{"@type":"ReadAction","target":["https:\/\/test3.dicolova.com\/cos15\/offres-locations\/"]}]},{"@type":"ImageObject","inLanguage":"fr-FR","@id":"https:\/\/test3.dicolova.com\/cos15\/offres-locations\/#primaryimage","url":"https:\/\/test3.dicolova.com\/cos15\/wp-content\/uploads\/sites\/8\/2025\/10\/Parasol-beige-sur-la-plage-2.png","contentUrl":"https:\/\/test3.dicolova.com\/cos15\/wp-content\/uploads\/sites\/8\/2025\/10\/Parasol-beige-sur-la-plage-2.png","width":600,"height":400},{"@type":"BreadcrumbList","@id":"https:\/\/test3.dicolova.com\/cos15\/offres-locations\/#breadcrumb","itemListElement":[{"@type":"ListItem","position":1,"name":"Accueil","item":"https:\/\/test3.dicolova.com\/cos15\/"},{"@type":"ListItem","position":2,"name":"Profitez d&rsquo;un s\u00e9jour \u00e0 Arcachon, Argel\u00e8s, Fr\u00e9jus ou Valras"}]},{"@type":"WebSite","@id":"https:\/\/test3.dicolova.com\/cos15\/#website","url":"https:\/\/test3.dicolova.com\/cos15\/","name":"COS 15","description":"","potentialAction":[{"@type":"SearchAction","target":{"@type":"EntryPoint","urlTemplate":"https:\/\/test3.dicolova.com\/cos15\/?s={search_term_string}"},"query-input":{"@type":"PropertyValueSpecification","valueRequired":true,"valueName":"search_term_string"}}],"inLanguage":"fr-FR"},{"@type":"Person","@id":"https:\/\/test3.dicolova.com\/cos15\/#\/schema\/person\/9a88e4ac777d75b82700908c4530a15f","name":"COS 15","url":"https:\/\/test3.dicolova.com\/cos15\/author\/cospttcantal\/"}]}},"_links":{"self":[{"href":"https:\/\/test3.dicolova.com\/cos15\/wp-json\/wp\/v2\/posts\/1412","targetHints":{"allow":["GET"]}}],"collection":[{"href":"https:\/\/test3.dicolova.com\/cos15\/wp-json\/wp\/v2\/posts"}],"about":[{"href":"https:\/\/test3.dicolova.com\/cos15\/wp-json\/wp\/v2\/types\/post"}],"author":[{"embeddable":true,"href":"https:\/\/test3.dicolova.com\/cos15\/wp-json\/wp\/v2\/users\/18"}],"replies":[{"embeddable":true,"href":"https:\/\/test3.dicolova.com\/cos15\/wp-json\/wp\/v2\/comments?post=1412"}],"version-history":[{"count":3,"href":"https:\/\/test3.dicolova.com\/cos15\/wp-json\/wp\/v2\/posts\/1412\/revisions"}],"predecessor-version":[{"id":1424,"href":"https:\/\/test3.dicolova.com\/cos15\/wp-json\/wp\/v2\/posts\/1412\/revisions\/1424"}],"wp:featuredmedia":[{"embeddable":true,"href":"https:\/\/test3.dicolova.com\/cos15\/wp-json\/wp\/v2\/media\/1420"}],"wp:attachment":[{"href":"https:\/\/test3.dicolova.com\/cos15\/wp-json\/wp\/v2\/media?parent=1412"}],"wp:term":[{"taxonomy":"category","embeddable":true,"href":"https:\/\/test3.dicolova.com\/cos15\/wp-json\/wp\/v2\/categories?post=1412"},{"taxonomy":"post_tag","embeddable":true,"href":"https:\/\/test3.dicolova.com\/cos15\/wp-json\/wp\/v2\/tags?post=1412"}],"curies":[{"name":"wp","href":"https:\/\/api.w.org\/{rel}","templated":true}]}}